{"id":11610,"date":"2025-06-11T12:48:21","date_gmt":"2025-06-11T10:48:21","guid":{"rendered":"https:\/\/heimatland-um.eu\/?p=11610"},"modified":"2025-06-11T12:48:23","modified_gmt":"2025-06-11T10:48:23","slug":"archivnews-vom-26-03-2021-neu-ueberarbeitet-im-onlinearchiv-2-2-2-2-2-2-2-2-3-4-3-2-3-2-2-2-2-2-3-3-2-3-2","status":"publish","type":"post","link":"https:\/\/heimatland-um.eu\/?p=11610","title":{"rendered":"Blognews vom 11.06.2025: Schwedt-Wiki nun im Hauptmen\u00fc"},"content":{"rendered":"<div class=\"pdfprnt-buttons pdfprnt-buttons-post pdfprnt-top-right\"><a href=\"https:\/\/heimatland-um.eu\/index.php?rest_route=%2Fwp%2Fv2%2Fposts%2F11610&print=print\" class=\"pdfprnt-button pdfprnt-button-print\" target=\"_blank\" ><img decoding=\"async\" src=\"https:\/\/heimatland-um.eu\/wp-content\/plugins\/pdf-print\/images\/print.png\" alt=\"image_print\" title=\"Inhalt drucken\" \/><\/a><\/div>\n<p>Das Schwedt-Wiki bekam wegen der \u00dcbersicht einen separaten Platz im Hauptmen\u00fc. Daf\u00fcr mu\u00dfte der Punkt Regionalnachrichten weichen. Die Nachrichten befinden sich jetzt direkt im Schwedt \u2013 Wiki, da sie eigentlich nicht zum Portfolio eines Archives geh\u00f6ren. Das war so von Anfang an geplant.<br><br>Euer Team von Heimatland Uckermark<\/p>\n\n\n<div class=\"su-spacer\" style=\"height:15px\"><\/div>\n\n\n\n<p><strong>Folgende Rubriken wurden \u00fcberarbeitet:<\/strong><\/p>\n\n\n<div class=\"su-spacer\" style=\"height:15px\"><\/div>\n\n\n\n<!-- Page-list plugin v.5.9 wordpress.org\/plugins\/page-list\/ -->\n<ul class=\"page-list \">\n<li class=\"page_item page-item-9887 page_item_has_children\"><a href=\"https:\/\/heimatland-um.eu\/?page_id=9887\">Schwedt &#8211; Wiki<\/a>\n<ul class='children'>\n\t<li class=\"page_item page-item-328\"><a href=\"https:\/\/heimatland-um.eu\/?page_id=328\">Regionalnachrichten<\/a><\/li>\n<\/ul>\n<\/li>\n\n<\/ul>\n\n\n<div class=\"su-spacer\" style=\"height:15px\"><\/div>\n\n\n\n<p><strong>Folgende Archivalien wurden im letzten Monat online hinzu gef\u00fcgt:<\/strong><\/p>\n\n\n<div class=\"su-spacer\" style=\"height:15px\"><\/div>\n\n\n\n<!-- Page-list plugin v.5.9 wordpress.org\/plugins\/page-list\/ -->\n<ul class=\"page-list \">\n<li class=\"page_item page-item-11557\"><a href=\"https:\/\/heimatland-um.eu\/?page_id=11557\">Stra\u00dfenregister der Stadt Schwedt [0]<\/a><\/li>\n<li class=\"page_item page-item-4717\"><a href=\"https:\/\/heimatland-um.eu\/?page_id=4717\">Stadt Schwedt &#8211;  Stadtjournal\/Amtsblatt [0]<\/a><\/li>\n<li class=\"page_item page-item-11480\"><a href=\"https:\/\/heimatland-um.eu\/?page_id=11480\">Personendatenbank [0]<\/a><\/li>\n\n<\/ul>\n\n\n<div class=\"su-spacer\" style=\"height:15px\"><\/div>\n\n\n\n<p><\/p>\n<div class=\"gsp_post_data\" \r\n\t            data-post_type=\"post\" \r\n\t            data-cat=\"archivmeldungen\" \r\n\t            data-modified=\"120\"\r\n\t            data-created=\"1749646101\"\r\n\t            data-title=\"Blognews vom 11.06.2025: Schwedt-Wiki nun im Hauptmen\u00fc\" \r\n\t            data-home=\"https:\/\/heimatland-um.eu\"><\/div>","protected":false},"excerpt":{"rendered":"<p>Das Schwedt-Wiki bekam wegen der \u00dcbersicht einen separaten Platz im Hauptmen\u00fc. Daf\u00fcr mu\u00dfte der Punkt Regionalnachrichten weichen. Die Nachrichten befinden sich jetzt direkt im Schwedt \u2013 Wiki, da sie eigentlich nicht zum Portfolio eines Archives geh\u00f6ren. Das war so von Anfang an geplant. Euer Team von Heimatland Uckermark Folgende Rubriken wurden \u00fcberarbeitet: Folgende Archivalien wurden im letzten Monat online hinzu <a class=\"read-more\" href=\"https:\/\/heimatland-um.eu\/?p=11610\">weiterlesen<\/a><\/p>\n","protected":false},"author":1,"featured_media":1477,"comment_status":"open","ping_status":"closed","sticky":false,"template":"","format":"standard","meta":{"ngg_post_thumbnail":0,"footnotes":""},"categories":[124],"tags":[],"post_folder":[],"class_list":["post-11610","post","type-post","status-publish","format-standard","has-post-thumbnail","hentry","category-archivmeldungen"],"_links":{"self":[{"href":"https:\/\/heimatland-um.eu\/index.php?rest_route=\/wp\/v2\/posts\/11610","targetHints":{"allow":["GET"]}}],"collection":[{"href":"https:\/\/heimatland-um.eu\/index.php?rest_route=\/wp\/v2\/posts"}],"about":[{"href":"https:\/\/heimatland-um.eu\/index.php?rest_route=\/wp\/v2\/types\/post"}],"author":[{"embeddable":true,"href":"https:\/\/heimatland-um.eu\/index.php?rest_route=\/wp\/v2\/users\/1"}],"replies":[{"embeddable":true,"href":"https:\/\/heimatland-um.eu\/index.php?rest_route=%2Fwp%2Fv2%2Fcomments&post=11610"}],"version-history":[{"count":3,"href":"https:\/\/heimatland-um.eu\/index.php?rest_route=\/wp\/v2\/posts\/11610\/revisions"}],"predecessor-version":[{"id":11613,"href":"https:\/\/heimatland-um.eu\/index.php?rest_route=\/wp\/v2\/posts\/11610\/revisions\/11613"}],"wp:featuredmedia":[{"embeddable":true,"href":"https:\/\/heimatland-um.eu\/index.php?rest_route=\/wp\/v2\/media\/1477"}],"wp:attachment":[{"href":"https:\/\/heimatland-um.eu\/index.php?rest_route=%2Fwp%2Fv2%2Fmedia&parent=11610"}],"wp:term":[{"taxonomy":"category","embeddable":true,"href":"https:\/\/heimatland-um.eu\/index.php?rest_route=%2Fwp%2Fv2%2Fcategories&post=11610"},{"taxonomy":"post_tag","embeddable":true,"href":"https:\/\/heimatland-um.eu\/index.php?rest_route=%2Fwp%2Fv2%2Ftags&post=11610"},{"taxonomy":"post_folder","embeddable":true,"href":"https:\/\/heimatland-um.eu\/index.php?rest_route=%2Fwp%2Fv2%2Fpost_folder&post=11610"}],"curies":[{"name":"wp","href":"https:\/\/api.w.org\/{rel}","templated":true}]}}