{"id":8192,"date":"2021-04-16T11:13:17","date_gmt":"2021-04-16T09:13:17","guid":{"rendered":"https:\/\/heimatland-um.eu\/?p=8192"},"modified":"2021-04-16T11:13:19","modified_gmt":"2021-04-16T09:13:19","slug":"archivnews-vom-26-03-2021-neu-ueberarbeitet-im-onlinearchiv-2","status":"publish","type":"post","link":"https:\/\/heimatland-um.eu\/?p=8192","title":{"rendered":"Archivnews vom 16.04.2021: Neu &#038; \u00fcberarbeitet im Onlinearchiv"},"content":{"rendered":"<div class=\"pdfprnt-buttons pdfprnt-buttons-post pdfprnt-top-right\"><a href=\"https:\/\/heimatland-um.eu\/index.php?rest_route=%2Fwp%2Fv2%2Fposts%2F8192&print=print\" class=\"pdfprnt-button pdfprnt-button-print\" target=\"_blank\" ><img decoding=\"async\" src=\"https:\/\/heimatland-um.eu\/wp-content\/plugins\/pdf-print\/images\/print.png\" alt=\"image_print\" title=\"Inhalt drucken\" \/><\/a><\/div>\n<p>Wir haben uns erstmalig die M\u00fche gemacht und ein sogenanntes Findbuch f\u00fcr ein Interessengebiet erstellt. In diesem Fall betrifft es die Regimentsgeschichte der Stadt Schwedt mit den Dragonern. Bei den externen Onlinearchiven wurde der Link zum Berliner Wissenschaftsverlag hinzugef\u00fcgt. Beim preu\u00dfischen Generalfeldmarschall Blumenthal werden noch weitere Materialien folgen.<br>\u00dcber die hier bekannt gegebenen Neuerungen hinaus, wurde zu jedem Ort der entsprechende Wikipediaeintrag und die offizielle Homepage erg\u00e4nzt.<\/p>\n\n\n<div class=\"su-spacer\" style=\"height:15px\"><\/div>\n\n\n\n<p><strong>Folgende Archivalien wurden im letzten Monat online hinzu gef\u00fcgt:<\/strong><br><\/p>\n\n\n<div class=\"su-spacer\" style=\"height:15px\"><\/div>\n\n\n\n<!-- Page-list plugin v.5.9 wordpress.org\/plugins\/page-list\/ -->\n<ul class=\"page-list \">\n<li class=\"page_item page-item-8170\"><a href=\"https:\/\/heimatland-um.eu\/?page_id=8170\">Schwebel &#8211; Schwedt und die Schwedter Dragoner \/ 1889 [0]<\/a><\/li>\n<li class=\"page_item page-item-8044\"><a href=\"https:\/\/heimatland-um.eu\/?page_id=8044\">Leonhard von Blumenthal (preu\u00dfischer Generalfeldmarschall) \/ [0]<\/a><\/li>\n\n<\/ul>\n\n\n<div class=\"su-spacer\" style=\"height:15px\"><\/div>\n\n\n\n<p><strong>Folgende Rubriken wurden neu eingerichtet oder wurden \u00fcberarbeitet:<\/strong><\/p>\n\n\n<div class=\"su-spacer\" style=\"height:15px\"><\/div>\n\n\n\n<!-- Page-list plugin v.5.9 wordpress.org\/plugins\/page-list\/ -->\n<ul class=\"page-list \">\n<li class=\"page_item page-item-307\"><a href=\"https:\/\/heimatland-um.eu\/?page_id=307\">Externe Onlinearchive<\/a><\/li>\n<li class=\"page_item page-item-8178\"><a href=\"https:\/\/heimatland-um.eu\/?page_id=8178\">Findb\u00fccher<\/a><\/li>\n\n<\/ul>\n\n\n<div class=\"su-spacer\" style=\"height:15px\"><\/div>\n\n\n\n<p>Ihr Team von Heimatland Uckermar !<\/p>\n<div class=\"gsp_post_data\" \r\n\t            data-post_type=\"post\" \r\n\t            data-cat=\"archivmeldungen,memorabilia\" \r\n\t            data-modified=\"120\"\r\n\t            data-created=\"1618571597\"\r\n\t            data-title=\"Archivnews vom 16.04.2021: Neu &#038; \u00fcberarbeitet im Onlinearchiv\" \r\n\t            data-home=\"https:\/\/heimatland-um.eu\"><\/div>","protected":false},"excerpt":{"rendered":"<p>Wir haben uns erstmalig die M\u00fche gemacht und ein sogenanntes Findbuch f\u00fcr ein Interessengebiet erstellt. In diesem Fall betrifft es die Regimentsgeschichte der Stadt Schwedt mit den Dragonern. Bei den externen Onlinearchiven wurde der Link zum Berliner Wissenschaftsverlag hinzugef\u00fcgt. Beim preu\u00dfischen Generalfeldmarschall Blumenthal werden noch weitere Materialien folgen.\u00dcber die hier bekannt gegebenen Neuerungen hinaus, wurde zu jedem Ort der entsprechende <a class=\"read-more\" href=\"https:\/\/heimatland-um.eu\/?p=8192\">weiterlesen<\/a><\/p>\n","protected":false},"author":1,"featured_media":1477,"comment_status":"open","ping_status":"closed","sticky":false,"template":"","format":"standard","meta":{"ngg_post_thumbnail":0,"footnotes":""},"categories":[124,221],"tags":[],"post_folder":[],"class_list":["post-8192","post","type-post","status-publish","format-standard","has-post-thumbnail","hentry","category-archivmeldungen","category-memorabilia"],"_links":{"self":[{"href":"https:\/\/heimatland-um.eu\/index.php?rest_route=\/wp\/v2\/posts\/8192","targetHints":{"allow":["GET"]}}],"collection":[{"href":"https:\/\/heimatland-um.eu\/index.php?rest_route=\/wp\/v2\/posts"}],"about":[{"href":"https:\/\/heimatland-um.eu\/index.php?rest_route=\/wp\/v2\/types\/post"}],"author":[{"embeddable":true,"href":"https:\/\/heimatland-um.eu\/index.php?rest_route=\/wp\/v2\/users\/1"}],"replies":[{"embeddable":true,"href":"https:\/\/heimatland-um.eu\/index.php?rest_route=%2Fwp%2Fv2%2Fcomments&post=8192"}],"version-history":[{"count":10,"href":"https:\/\/heimatland-um.eu\/index.php?rest_route=\/wp\/v2\/posts\/8192\/revisions"}],"predecessor-version":[{"id":8202,"href":"https:\/\/heimatland-um.eu\/index.php?rest_route=\/wp\/v2\/posts\/8192\/revisions\/8202"}],"wp:featuredmedia":[{"embeddable":true,"href":"https:\/\/heimatland-um.eu\/index.php?rest_route=\/wp\/v2\/media\/1477"}],"wp:attachment":[{"href":"https:\/\/heimatland-um.eu\/index.php?rest_route=%2Fwp%2Fv2%2Fmedia&parent=8192"}],"wp:term":[{"taxonomy":"category","embeddable":true,"href":"https:\/\/heimatland-um.eu\/index.php?rest_route=%2Fwp%2Fv2%2Fcategories&post=8192"},{"taxonomy":"post_tag","embeddable":true,"href":"https:\/\/heimatland-um.eu\/index.php?rest_route=%2Fwp%2Fv2%2Ftags&post=8192"},{"taxonomy":"post_folder","embeddable":true,"href":"https:\/\/heimatland-um.eu\/index.php?rest_route=%2Fwp%2Fv2%2Fpost_folder&post=8192"}],"curies":[{"name":"wp","href":"https:\/\/api.w.org\/{rel}","templated":true}]}}