{"id":9251,"date":"2021-10-04T17:48:46","date_gmt":"2021-10-04T15:48:46","guid":{"rendered":"https:\/\/heimatland-um.eu\/?p=9251"},"modified":"2021-10-04T17:59:30","modified_gmt":"2021-10-04T15:59:30","slug":"bemerkungen-teil-1-pilgerweg-auf-der-etzlaub-karte-um-1500-2021-0","status":"publish","type":"post","link":"https:\/\/heimatland-um.eu\/?p=9251","title":{"rendered":"Bemerkungen Teil 1 &#8211; Pilgerweg auf der Etzlaub-Karte um 1500 \/2021 [0]"},"content":{"rendered":"<div class=\"pdfprnt-buttons pdfprnt-buttons-post pdfprnt-top-right\"><a href=\"https:\/\/heimatland-um.eu\/index.php?rest_route=%2Fwp%2Fv2%2Fposts%2F9251&print=print\" class=\"pdfprnt-button pdfprnt-button-print\" target=\"_blank\" ><img decoding=\"async\" src=\"https:\/\/heimatland-um.eu\/wp-content\/plugins\/pdf-print\/images\/print.png\" alt=\"image_print\" title=\"Inhalt drucken\" \/><\/a><\/div>\n<p>In einem Artikel der M\u00e4rkischen Oderzeitung vom 08.09.2005 findet sich in der Reihe Chronikbl\u00e4tter der Beitrag \u201cQuer durch die Uckermark nach Rom\u201c mit dem Aufmacher \u201cEntdeckung: Mittelalterlicher Pilgerweg f\u00fchrte nicht durch Gartz, sondern durch Schwedt\u201c. In diesem Beitrag will der Schwedter Heimathistoriker Wolfgang Ehrhardt einen Lesefehler entdeckt haben. Zitat: \u201cDabei wurden offenbar die geschwungenen Buchstaben SWECZ, die f\u00fcr Schwedt stehen, als Garz interpretiert. Nach Ansicht von Wolfgang Ehrhardt folgte der mittelalterliche Rompilgerweg jedoch der weitaus fr\u00fcher beschriebenen \u201cvia regia\u201c, die \u00fcber Angerm\u00fcnde nach Schwedt und von dort nach Stettin f\u00fchrte.\u201c<br><br>Lesen Sie hier in einem freien PDF nach, warum Heimatland Uckermark das ganz anders sieht.<br><br><strong>Bemerkungen Teil 1<\/strong> <strong><em><a rel=\"noreferrer noopener\" href=\"https:\/\/www.heimatland-um.eu\/wp-content\/uploads\/Leseproben\/Pilgerweg%20auf%20der%20Etzlaubkarte.pdf\" target=\"_blank\">downloaden<\/a><\/em><\/strong> <br> <br>\u00dcber Kommentare mit Meinungen und Fragen dazu w\u00fcrden wir uns freuen.  <\/p>\n\n\n\n<div class=\"wp-block-image\"><figure class=\"aligncenter size-full is-resized\"><img loading=\"lazy\" decoding=\"async\" src=\"https:\/\/heimatland-um.eu\/wp-content\/uploads\/2021\/10\/Pilgerweg-auf-der-Etzlaubkarte-pdf-724x1024-1.jpg\" alt=\"\" class=\"wp-image-9267\" width=\"387\" height=\"548\" srcset=\"https:\/\/heimatland-um.eu\/wp-content\/uploads\/2021\/10\/Pilgerweg-auf-der-Etzlaubkarte-pdf-724x1024-1.jpg 724w, https:\/\/heimatland-um.eu\/wp-content\/uploads\/2021\/10\/Pilgerweg-auf-der-Etzlaubkarte-pdf-724x1024-1-212x300.jpg 212w, https:\/\/heimatland-um.eu\/wp-content\/uploads\/2021\/10\/Pilgerweg-auf-der-Etzlaubkarte-pdf-724x1024-1-624x883.jpg 624w\" sizes=\"auto, (max-width: 387px) 100vw, 387px\" \/><\/figure><\/div>\n<div class=\"gsp_post_data\" \r\n\t            data-post_type=\"post\" \r\n\t            data-cat=\"geschichtliches\" \r\n\t            data-modified=\"120\"\r\n\t            data-created=\"1633369726\"\r\n\t            data-title=\"Bemerkungen Teil 1 &#8211; Pilgerweg auf der Etzlaub-Karte um 1500 \/2021 [0]\" \r\n\t            data-home=\"https:\/\/heimatland-um.eu\"><\/div>","protected":false},"excerpt":{"rendered":"<p>In einem Artikel der M\u00e4rkischen Oderzeitung vom 08.09.2005 findet sich in der Reihe Chronikbl\u00e4tter der Beitrag \u201cQuer durch die Uckermark nach Rom\u201c mit dem Aufmacher \u201cEntdeckung: Mittelalterlicher Pilgerweg f\u00fchrte nicht durch Gartz, sondern durch Schwedt\u201c. In diesem Beitrag will der Schwedter Heimathistoriker Wolfgang Ehrhardt einen Lesefehler entdeckt haben. Zitat: \u201cDabei wurden offenbar die geschwungenen Buchstaben SWECZ, die f\u00fcr Schwedt stehen, <a class=\"read-more\" href=\"https:\/\/heimatland-um.eu\/?p=9251\">weiterlesen<\/a><\/p>\n","protected":false},"author":1,"featured_media":1477,"comment_status":"open","ping_status":"closed","sticky":false,"template":"","format":"standard","meta":{"ngg_post_thumbnail":0,"footnotes":""},"categories":[226],"tags":[],"post_folder":[],"class_list":["post-9251","post","type-post","status-publish","format-standard","has-post-thumbnail","hentry","category-geschichtliches"],"_links":{"self":[{"href":"https:\/\/heimatland-um.eu\/index.php?rest_route=\/wp\/v2\/posts\/9251","targetHints":{"allow":["GET"]}}],"collection":[{"href":"https:\/\/heimatland-um.eu\/index.php?rest_route=\/wp\/v2\/posts"}],"about":[{"href":"https:\/\/heimatland-um.eu\/index.php?rest_route=\/wp\/v2\/types\/post"}],"author":[{"embeddable":true,"href":"https:\/\/heimatland-um.eu\/index.php?rest_route=\/wp\/v2\/users\/1"}],"replies":[{"embeddable":true,"href":"https:\/\/heimatland-um.eu\/index.php?rest_route=%2Fwp%2Fv2%2Fcomments&post=9251"}],"version-history":[{"count":10,"href":"https:\/\/heimatland-um.eu\/index.php?rest_route=\/wp\/v2\/posts\/9251\/revisions"}],"predecessor-version":[{"id":9268,"href":"https:\/\/heimatland-um.eu\/index.php?rest_route=\/wp\/v2\/posts\/9251\/revisions\/9268"}],"wp:featuredmedia":[{"embeddable":true,"href":"https:\/\/heimatland-um.eu\/index.php?rest_route=\/wp\/v2\/media\/1477"}],"wp:attachment":[{"href":"https:\/\/heimatland-um.eu\/index.php?rest_route=%2Fwp%2Fv2%2Fmedia&parent=9251"}],"wp:term":[{"taxonomy":"category","embeddable":true,"href":"https:\/\/heimatland-um.eu\/index.php?rest_route=%2Fwp%2Fv2%2Fcategories&post=9251"},{"taxonomy":"post_tag","embeddable":true,"href":"https:\/\/heimatland-um.eu\/index.php?rest_route=%2Fwp%2Fv2%2Ftags&post=9251"},{"taxonomy":"post_folder","embeddable":true,"href":"https:\/\/heimatland-um.eu\/index.php?rest_route=%2Fwp%2Fv2%2Fpost_folder&post=9251"}],"curies":[{"name":"wp","href":"https:\/\/api.w.org\/{rel}","templated":true}]}}