{"id":9269,"date":"2021-10-04T17:48:46","date_gmt":"2021-10-04T15:48:46","guid":{"rendered":"https:\/\/heimatland-um.eu\/?p=9269"},"modified":"2021-10-04T18:34:04","modified_gmt":"2021-10-04T16:34:04","slug":"bemerkungen-teil-1-pilgerweg-auf-der-etzlaub-karte-um-1500-2021-0-2","status":"publish","type":"post","link":"https:\/\/heimatland-um.eu\/?p=9269","title":{"rendered":"Bemerkungen Teil 2 &#8211; Graf Martin von Hohenstein \/ 2021 [0]"},"content":{"rendered":"<div class=\"pdfprnt-buttons pdfprnt-buttons-post pdfprnt-top-right\"><a href=\"https:\/\/heimatland-um.eu\/index.php?rest_route=%2Fwp%2Fv2%2Fposts%2F9269&print=print\" class=\"pdfprnt-button pdfprnt-button-print\" target=\"_blank\" ><img decoding=\"async\" src=\"https:\/\/heimatland-um.eu\/wp-content\/plugins\/pdf-print\/images\/print.png\" alt=\"image_print\" title=\"Inhalt drucken\" \/><\/a><\/div>\n<p>Im Artikel \u201cPatronatsherr der Stadtkirche\u201c in der M\u00e4rkischen Oderzeitung vom 23\/24.01.2021 zeigt sich deutlich was passiert, wenn ein ortsfremder Redakteur, hier Thorsten Pifan, auf die teilweise falschen oder alten Angaben in der offiziellen Schwedter Stadtchronik zur\u00fcckgreift. Bereits in der 2. \u00dcberschrift befindet sich ein merkw\u00fcrdiger Satz: \u201cGraf Martin von Hohenstein leistete Beachtliches f\u00fcr Schwedt und seine B\u00fcrger. Die Menschen dankten es ihm und begruben ihn in St. Katharinen.\u201c Die Wortwahl ist schon etwas skurril, denn begraben wurde der Graf nicht, sondern in einer Gruft bestattet. Ob dies am Dank der B\u00fcrger lag ist fraglich, denn die Bestattungen erfolgten nach dem Testament. Graf Martin wird die Gruft also selber auserw\u00e4hlt und auch mit den dazu geh\u00f6rigen Epitaphen (um 1580) bezahlt haben. Genauso wie er die Herrichtung der ehemaligen Klosterkirche (nach Dihm) zur Stadtkirche ab 1572 veranla\u00dfte.<\/p>\n\n\n\n<p><br>Lesen Sie hier in einem freien PDF nach, warum Heimatland Uckermark das ganz anders sieht.<br><br><strong>Bemerkungen Teil 2<\/strong> <strong><em><a rel=\"noreferrer noopener\" href=\"https:\/\/www.heimatland-um.eu\/wp-content\/uploads\/Leseproben\/Graf Martin von Hohenstein.pdf\" target=\"_blank\">downloaden<\/a><\/em><\/strong> <br> <br>\u00dcber Kommentare mit Meinungen und Fragen dazu w\u00fcrden wir uns freuen.  <\/p>\n\n\n\n<div class=\"wp-block-image\"><figure class=\"aligncenter size-full is-resized\"><img loading=\"lazy\" decoding=\"async\" src=\"https:\/\/heimatland-um.eu\/wp-content\/uploads\/2021\/10\/Graf-Martin-von-Hohenstein-pdf-724x1024-1.jpg\" alt=\"\" class=\"wp-image-9273\" width=\"424\" height=\"599\" srcset=\"https:\/\/heimatland-um.eu\/wp-content\/uploads\/2021\/10\/Graf-Martin-von-Hohenstein-pdf-724x1024-1.jpg 724w, https:\/\/heimatland-um.eu\/wp-content\/uploads\/2021\/10\/Graf-Martin-von-Hohenstein-pdf-724x1024-1-212x300.jpg 212w, https:\/\/heimatland-um.eu\/wp-content\/uploads\/2021\/10\/Graf-Martin-von-Hohenstein-pdf-724x1024-1-624x883.jpg 624w\" sizes=\"auto, (max-width: 424px) 100vw, 424px\" \/><\/figure><\/div>\n<div class=\"gsp_post_data\" \r\n\t            data-post_type=\"post\" \r\n\t            data-cat=\"geschichtliches\" \r\n\t            data-modified=\"120\"\r\n\t            data-created=\"1633369726\"\r\n\t            data-title=\"Bemerkungen Teil 2 &#8211; Graf Martin von Hohenstein \/ 2021 [0]\" \r\n\t            data-home=\"https:\/\/heimatland-um.eu\"><\/div>","protected":false},"excerpt":{"rendered":"<p>Im Artikel \u201cPatronatsherr der Stadtkirche\u201c in der M\u00e4rkischen Oderzeitung vom 23\/24.01.2021 zeigt sich deutlich was passiert, wenn ein ortsfremder Redakteur, hier Thorsten Pifan, auf die teilweise falschen oder alten Angaben in der offiziellen Schwedter Stadtchronik zur\u00fcckgreift. Bereits in der 2. \u00dcberschrift befindet sich ein merkw\u00fcrdiger Satz: \u201cGraf Martin von Hohenstein leistete Beachtliches f\u00fcr Schwedt und seine B\u00fcrger. Die Menschen dankten <a class=\"read-more\" href=\"https:\/\/heimatland-um.eu\/?p=9269\">weiterlesen<\/a><\/p>\n","protected":false},"author":1,"featured_media":1477,"comment_status":"open","ping_status":"closed","sticky":false,"template":"","format":"standard","meta":{"ngg_post_thumbnail":0,"footnotes":""},"categories":[226],"tags":[],"post_folder":[],"class_list":["post-9269","post","type-post","status-publish","format-standard","has-post-thumbnail","hentry","category-geschichtliches"],"_links":{"self":[{"href":"https:\/\/heimatland-um.eu\/index.php?rest_route=\/wp\/v2\/posts\/9269","targetHints":{"allow":["GET"]}}],"collection":[{"href":"https:\/\/heimatland-um.eu\/index.php?rest_route=\/wp\/v2\/posts"}],"about":[{"href":"https:\/\/heimatland-um.eu\/index.php?rest_route=\/wp\/v2\/types\/post"}],"author":[{"embeddable":true,"href":"https:\/\/heimatland-um.eu\/index.php?rest_route=\/wp\/v2\/users\/1"}],"replies":[{"embeddable":true,"href":"https:\/\/heimatland-um.eu\/index.php?rest_route=%2Fwp%2Fv2%2Fcomments&post=9269"}],"version-history":[{"count":7,"href":"https:\/\/heimatland-um.eu\/index.php?rest_route=\/wp\/v2\/posts\/9269\/revisions"}],"predecessor-version":[{"id":9277,"href":"https:\/\/heimatland-um.eu\/index.php?rest_route=\/wp\/v2\/posts\/9269\/revisions\/9277"}],"wp:featuredmedia":[{"embeddable":true,"href":"https:\/\/heimatland-um.eu\/index.php?rest_route=\/wp\/v2\/media\/1477"}],"wp:attachment":[{"href":"https:\/\/heimatland-um.eu\/index.php?rest_route=%2Fwp%2Fv2%2Fmedia&parent=9269"}],"wp:term":[{"taxonomy":"category","embeddable":true,"href":"https:\/\/heimatland-um.eu\/index.php?rest_route=%2Fwp%2Fv2%2Fcategories&post=9269"},{"taxonomy":"post_tag","embeddable":true,"href":"https:\/\/heimatland-um.eu\/index.php?rest_route=%2Fwp%2Fv2%2Ftags&post=9269"},{"taxonomy":"post_folder","embeddable":true,"href":"https:\/\/heimatland-um.eu\/index.php?rest_route=%2Fwp%2Fv2%2Fpost_folder&post=9269"}],"curies":[{"name":"wp","href":"https:\/\/api.w.org\/{rel}","templated":true}]}}